{"id":5887,"date":"2021-10-18T13:38:55","date_gmt":"2021-10-18T13:38:55","guid":{"rendered":"https:\/\/efus.eu\/efusconference2021\/francesc-guillen\/"},"modified":"2021-10-18T13:45:20","modified_gmt":"2021-10-18T13:45:20","slug":"francesc-guillen","status":"publish","type":"post","link":"https:\/\/efus.eu\/efusconference2021\/francesc-guillen\/?lang=fr","title":{"rendered":"Francesc Guill\u00e9n"},"content":{"rendered":"<div class=\"wpb-content-wrapper\">[vc_row][vc_column][vc_text_separator title=&#8221;Francesc Guill\u00e9n Lasierra&#8221;][\/vc_column][\/vc_row][vc_row][vc_column width=&#8221;1\/4&#8243;][vc_single_image image=&#8221;5884&#8243; img_size=&#8221;large&#8221;][\/vc_column][vc_column width=&#8221;3\/4&#8243;][vc_column_text]<strong>Chef des projets et de l&#8217;organisation, Gouvernement de Catalogne (Espagne)<\/strong><\/p>\n<p><span style=\"font-weight: 400\">Francesc Guill\u00e9n est chef des Projets et de l\u2019Organisation au d\u00e9partement de l\u2019Int\u00e9rieur du gouvernement de Catalogne. Francesc est un juriste, un criminologue et un sp\u00e9cialiste des politiques publiques de s\u00e9curit\u00e9. Il est l\u2019auteur d\u2019une th\u00e8se de doctorat (PhD) sur la s\u00e9curit\u00e9 et les mod\u00e8les de police et a longtemps \u00e9t\u00e9 ma\u00eetre de conf\u00e9rence en droit constitutionnel et en criminologie (1989-2019). Il a particip\u00e9 \u00e0 plusieurs missions CoE en Europe de l\u2019est sur des questions de police et \u00e0 plusieurs projets men\u00e9s par l\u2019Efus (Audits, Surveille, Eurosocial). Il a contribu\u00e9 \u00e0 plusieurs publications\u00a0: <\/span><i><span style=\"font-weight: 400\">Modelos de polic\u00eda: hacia un modelo de seguridad plural <\/span><\/i><span style=\"font-weight: 400\">(\u2018mod\u00e8les de police\u00a0: vers un mod\u00e8le de s\u00e9curit\u00e9 pluriel\u2019), <\/span><i><span style=\"font-weight: 400\">Desencuentros entre la polic\u00eda y el p\u00fablico<\/span><\/i><span style=\"font-weight: 400\"> (\u2018d\u00e9saccords entre la police et le public\u2019), <\/span><i><span style=\"font-weight: 400\">The fallacy of objective security <\/span><\/i><span style=\"font-weight: 400\">(\u2018l\u2019id\u00e9e fausse de la s\u00e9curit\u00e9 objective\u2019).<\/span>[\/vc_column_text][\/vc_column][\/vc_row]\n<\/div>","protected":false},"excerpt":{"rendered":"<p>[vc_row][vc_column][vc_text_separator title=&#8221;Francesc Guill\u00e9n Lasierra&#8221;][\/vc_column][\/vc_row][vc_row][vc_column width=&#8221;1\/4&#8243;][vc_single_image image=&#8221;5884&#8243; img_size=&#8221;large&#8221;][\/vc_column][vc_column width=&#8221;3\/4&#8243;][vc_column_text]Chef des projets et de l&#8217;organisation, Gouvernement de Catalogne (Espagne) Francesc Guill\u00e9n est chef des Projets et de l\u2019Organisation au d\u00e9partement de l\u2019Int\u00e9rieur du gouvernement de Catalogne. Francesc est un juriste, un criminologue et un sp\u00e9cialiste des politiques publiques de s\u00e9curit\u00e9. Il est l\u2019auteur d\u2019une th\u00e8se de doctorat (PhD) sur la s\u00e9curit\u00e9 et les mod\u00e8les de police et a longtemps \u00e9t\u00e9 ma\u00eetre de conf\u00e9rence en droit constitutionnel et en criminologie (1989-2019). Il a particip\u00e9 \u00e0 plusieurs missions CoE en Europe de l\u2019est sur des questions de police et \u00e0 plusieurs projets men\u00e9s par l\u2019Efus (Audits, Surveille, Eurosocial). Il a contribu\u00e9 \u00e0 plusieurs publications\u00a0: Modelos de polic\u00eda: hacia un modelo de seguridad plural (\u2018mod\u00e8les de police\u00a0: vers un mod\u00e8le de s\u00e9curit\u00e9 pluriel\u2019), Desencuentros entre la polic\u00eda y el p\u00fablico (\u2018d\u00e9saccords entre la police et le public\u2019), The fallacy of objective security (\u2018l\u2019id\u00e9e fausse de la s\u00e9curit\u00e9 objective\u2019).[\/vc_column_text][\/vc_column][\/vc_row]<\/p>\n","protected":false},"author":88,"featured_media":5885,"comment_status":"closed","ping_status":"open","sticky":false,"template":"","format":"standard","meta":{"_acf_changed":false,"footnotes":""},"categories":[57],"tags":[],"class_list":["post-5887","post","type-post","status-publish","format-standard","has-post-thumbnail","hentry","category-intervenants_2021","entry","post-inner"],"acf":[],"_links":{"self":[{"href":"https:\/\/efus.eu\/efusconference2021\/wp-json\/wp\/v2\/posts\/5887","targetHints":{"allow":["GET"]}}],"collection":[{"href":"https:\/\/efus.eu\/efusconference2021\/wp-json\/wp\/v2\/posts"}],"about":[{"href":"https:\/\/efus.eu\/efusconference2021\/wp-json\/wp\/v2\/types\/post"}],"author":[{"embeddable":true,"href":"https:\/\/efus.eu\/efusconference2021\/wp-json\/wp\/v2\/users\/88"}],"replies":[{"embeddable":true,"href":"https:\/\/efus.eu\/efusconference2021\/wp-json\/wp\/v2\/comments?post=5887"}],"version-history":[{"count":2,"href":"https:\/\/efus.eu\/efusconference2021\/wp-json\/wp\/v2\/posts\/5887\/revisions"}],"predecessor-version":[{"id":5889,"href":"https:\/\/efus.eu\/efusconference2021\/wp-json\/wp\/v2\/posts\/5887\/revisions\/5889"}],"wp:featuredmedia":[{"embeddable":true,"href":"https:\/\/efus.eu\/efusconference2021\/wp-json\/wp\/v2\/media\/5885"}],"wp:attachment":[{"href":"https:\/\/efus.eu\/efusconference2021\/wp-json\/wp\/v2\/media?parent=5887"}],"wp:term":[{"taxonomy":"category","embeddable":true,"href":"https:\/\/efus.eu\/efusconference2021\/wp-json\/wp\/v2\/categories?post=5887"},{"taxonomy":"post_tag","embeddable":true,"href":"https:\/\/efus.eu\/efusconference2021\/wp-json\/wp\/v2\/tags?post=5887"}],"curies":[{"name":"wp","href":"https:\/\/api.w.org\/{rel}","templated":true}]}}