{"id":5809,"date":"2021-10-14T10:58:39","date_gmt":"2021-10-14T10:58:39","guid":{"rendered":"https:\/\/efus.eu\/efusconference2021\/philippe-ternes\/"},"modified":"2021-10-14T11:01:34","modified_gmt":"2021-10-14T11:01:34","slug":"philippe-ternes","status":"publish","type":"post","link":"https:\/\/efus.eu\/efusconference2021\/philippe-ternes\/?lang=fr","title":{"rendered":"Philippe Ternes"},"content":{"rendered":"<div class=\"wpb-content-wrapper\">[vc_row][vc_column][vc_text_separator title=&#8221;Philippe Ternes&#8221;][\/vc_column][\/vc_row][vc_row][vc_column width=&#8221;1\/4&#8243;][vc_single_image image=&#8221;5805&#8243; img_size=&#8221;large&#8221;][\/vc_column][vc_column width=&#8221;3\/4&#8243;][vc_column_text]<strong>Point de contact CERV, Centre d&#8217;\u00e9ducation politique (Luxembourg)<\/strong><\/p>\n<p>Philippe Ternes est consultant en affaires internationales et europ\u00e9ennes et intervient dans diverses villes europ\u00e9ennes ainsi que dans la r\u00e9gion MENA (Moyen-Orient et Afrique du Nord). Il est point de contact du programme Citoyens, \u00c9galit\u00e9, Droits et Valeurs au Luxembourg, en coop\u00e9ration avec le Centre pour l\u2019\u00e9ducation citoyenne (www.zpb.lu). Philippe soutient \u00e9galement le programme des \u00c9coles ambassadrices du Parlement europ\u00e9en et enseigne de fa\u00e7on ponctuelle les affaires internationales et europ\u00e9ennes aux fonctionnaires. Il est \u00e9galement co-directeur du r\u00e9seau de la Fondation Anna Lindh au Luxembourg, une organisation intergouvernementale qui r\u00e9unit la soci\u00e9t\u00e9 civile, des citoyens et des gouvernements des pays du pourtour m\u00e9diterran\u00e9en dans l\u2019objectif d\u2019am\u00e9liorer la confiance et la compr\u00e9hension mutuelle.<\/p>\n<p>&nbsp;<\/p>\n<p>&nbsp;<\/p>\n<p><em>Un souhait pour la s\u00e9curit\u00e9 urbaine ? (Quelle est votre vision de la s\u00e9curit\u00e9 urbaine dans 30 ans ? Quels espoirs et risques identifiez-vous ?)<\/em><\/p>\n<p>&nbsp;<\/p>\n<p>&#8211; La surveillance des foules par des applis pour les citoyens qui permettent une surveillance en temps r\u00e9el, des informations et des syst\u00e8mes d\u2019alerte ;<\/p>\n<p>&#8211; la surveillance par les drones ;<\/p>\n<p>&#8211; la disparition des voitures en ville et le d\u00e9veloppement du transport public instantan\u00e9 qui pourrait \u00eatre financ\u00e9 par l\u2019\u00c9tat (les voitures individuelles sont un moyen de transport inefficace et peu s\u00fbr) ;<\/p>\n<p>&#8211; propret\u00e9 de l\u2019air : limiter la pollution ;<\/p>\n<p>&#8211; r\u00e8gles limitant la pollution sonore (les voitures et les motos modernes peuvent faire beaucoup de bruit) ;<\/p>\n<p>&#8211; installations fournissant de l\u2019eau propre (risque : p\u00e9nurie d\u2019eau).<\/p>\n<p>&nbsp;<\/p>\n<p>&nbsp;<\/p>\n<p><em>Pourquoi est-il important d\u2019associer les citoyens \u00e0 la production des politiques ?<\/em><\/p>\n<p>&nbsp;<\/p>\n<p>&#8211; Pour am\u00e9liorer l\u2019acceptation des nouvelles technologies de surveillance tout en assurant une protection maximale des donn\u00e9es et en limitant la collecte de donn\u00e9es, en s\u2019appuyant sur les signalements des citoyens et la gestion locale ;<\/p>\n<p>&#8211; pour sensibiliser et mettre en place des syst\u00e8mes d\u2019alerte \u2018live\u2019 tout en limitant la pr\u00e9sence de drones et autres technologies en s\u2019appuyant sur les signalements des citoyens ;<\/p>\n<p>&#8211; pour favoriser l\u2019implication proactive des citoyens et une surveillance de bas en haut plut\u00f4t que de haut en bas ;<\/p>\n<p>&#8211; pour contrer l\u2019isolement des citoyens et favoriser les \u00e9changes inter-personnels (le risque \u00e9tant que les nouvelles technologies permettent aux \u00eatres humains de vivre sans communication face-\u00e0-face, ce qui constitue un risque psychologique) ;<\/p>\n<p>&#8211; donner un r\u00f4le aux jeunes pour qu\u2019ils se sentent valoris\u00e9s et responsables de leur ville.<\/p>\n<p>On se focalise beaucoup sur la s\u00e9curit\u00e9 actuellement parce que nous avons cr\u00e9\u00e9 de nombreux probl\u00e8mes et dangers. Mais si l\u2019on se concentre uniquement sur la s\u00e9curit\u00e9, on risque d\u2019ignorer les raisons sous-jacentes de l\u2019ins\u00e9curit\u00e9, telles que l\u2019accroissement des in\u00e9galit\u00e9s et les tensions psychologiques. Nous cr\u00e9ons des nouvelles technologies qui ne servent pas toujours nos besoins humains et m\u00eame qui leur sont contraires. Il est donc tr\u00e8s important d\u2019adopter une approche holistique de la s\u00e9curit\u00e9 et de la s\u00fbret\u00e9 humaines.[\/vc_column_text][\/vc_column][\/vc_row]\n<\/div>","protected":false},"excerpt":{"rendered":"<p>[vc_row][vc_column][vc_text_separator title=&#8221;Philippe Ternes&#8221;][\/vc_column][\/vc_row][vc_row][vc_column width=&#8221;1\/4&#8243;][vc_single_image image=&#8221;5805&#8243; img_size=&#8221;large&#8221;][\/vc_column][vc_column width=&#8221;3\/4&#8243;][vc_column_text]Point de contact CERV, Centre d&#8217;\u00e9ducation politique (Luxembourg) Philippe Ternes est consultant en affaires internationales et europ\u00e9ennes et intervient dans diverses villes europ\u00e9ennes ainsi que dans la r\u00e9gion MENA (Moyen-Orient et Afrique du Nord). Il est point de contact du programme Citoyens, \u00c9galit\u00e9, Droits et Valeurs au Luxembourg, en coop\u00e9ration avec le Centre pour l\u2019\u00e9ducation citoyenne (www.zpb.lu). Philippe soutient \u00e9galement le programme des \u00c9coles ambassadrices du Parlement europ\u00e9en et enseigne de fa\u00e7on ponctuelle les affaires internationales et europ\u00e9ennes aux fonctionnaires. Il est \u00e9galement co-directeur du r\u00e9seau de la Fondation Anna Lindh au Luxembourg, une organisation intergouvernementale qui r\u00e9unit la soci\u00e9t\u00e9 civile, des citoyens et des gouvernements des pays du pourtour m\u00e9diterran\u00e9en dans l\u2019objectif d\u2019am\u00e9liorer la confiance et la compr\u00e9hension mutuelle. &nbsp; &nbsp; Un souhait pour la s\u00e9curit\u00e9 urbaine ? (Quelle est votre vision de la s\u00e9curit\u00e9 urbaine dans 30 ans ? Quels espoirs et risques identifiez-vous ?) &nbsp; &#8211; La surveillance des foules par des applis pour les citoyens qui permettent une surveillance en temps r\u00e9el, des informations et des syst\u00e8mes d\u2019alerte ; &#8211; la surveillance par les drones ; &#8211; la disparition des voitures en ville et le d\u00e9veloppement du transport public instantan\u00e9 qui pourrait \u00eatre financ\u00e9 par l\u2019\u00c9tat (les voitures individuelles sont un moyen de transport inefficace et peu s\u00fbr) ; &#8211; propret\u00e9 de l\u2019air : limiter la pollution ; &#8211; r\u00e8gles limitant la pollution sonore (les voitures et les motos modernes peuvent faire beaucoup de bruit) ; &#8211; installations fournissant de l\u2019eau propre (risque : p\u00e9nurie d\u2019eau). &nbsp; &nbsp; Pourquoi est-il important d\u2019associer les citoyens \u00e0 la production des politiques ? &nbsp; &#8211; Pour am\u00e9liorer l\u2019acceptation des nouvelles technologies de surveillance tout en assurant une protection maximale des donn\u00e9es et en limitant la collecte de donn\u00e9es, en s\u2019appuyant sur les signalements des citoyens et la gestion locale ; &#8211; pour sensibiliser et mettre en place des syst\u00e8mes d\u2019alerte \u2018live\u2019 tout en limitant la pr\u00e9sence de drones et autres technologies en s\u2019appuyant sur les signalements des citoyens ; &#8211; pour favoriser l\u2019implication proactive des citoyens et une surveillance de bas en haut plut\u00f4t que de haut en bas ; &#8211; pour contrer l\u2019isolement des citoyens et favoriser les \u00e9changes inter-personnels (le risque \u00e9tant que les nouvelles technologies permettent aux \u00eatres humains de vivre sans communication face-\u00e0-face, ce qui constitue un risque psychologique) ; &#8211; donner un r\u00f4le aux jeunes pour qu\u2019ils se sentent valoris\u00e9s et responsables de leur ville. On se focalise beaucoup sur la s\u00e9curit\u00e9 actuellement parce que nous avons cr\u00e9\u00e9 de nombreux probl\u00e8mes et dangers. Mais si l\u2019on se concentre uniquement sur la s\u00e9curit\u00e9, on risque d\u2019ignorer les raisons sous-jacentes de l\u2019ins\u00e9curit\u00e9, telles que l\u2019accroissement des in\u00e9galit\u00e9s et les tensions psychologiques. Nous cr\u00e9ons des nouvelles technologies qui ne servent pas toujours nos besoins humains et m\u00eame qui leur sont contraires. Il est donc tr\u00e8s important d\u2019adopter une approche holistique de la s\u00e9curit\u00e9 et de la s\u00fbret\u00e9 humaines.[\/vc_column_text][\/vc_column][\/vc_row]<\/p>\n","protected":false},"author":88,"featured_media":5806,"comment_status":"closed","ping_status":"open","sticky":false,"template":"","format":"standard","meta":{"_acf_changed":false,"footnotes":""},"categories":[57],"tags":[],"class_list":["post-5809","post","type-post","status-publish","format-standard","has-post-thumbnail","hentry","category-intervenants_2021","entry","post-inner"],"acf":[],"_links":{"self":[{"href":"https:\/\/efus.eu\/efusconference2021\/wp-json\/wp\/v2\/posts\/5809","targetHints":{"allow":["GET"]}}],"collection":[{"href":"https:\/\/efus.eu\/efusconference2021\/wp-json\/wp\/v2\/posts"}],"about":[{"href":"https:\/\/efus.eu\/efusconference2021\/wp-json\/wp\/v2\/types\/post"}],"author":[{"embeddable":true,"href":"https:\/\/efus.eu\/efusconference2021\/wp-json\/wp\/v2\/users\/88"}],"replies":[{"embeddable":true,"href":"https:\/\/efus.eu\/efusconference2021\/wp-json\/wp\/v2\/comments?post=5809"}],"version-history":[{"count":1,"href":"https:\/\/efus.eu\/efusconference2021\/wp-json\/wp\/v2\/posts\/5809\/revisions"}],"predecessor-version":[{"id":5810,"href":"https:\/\/efus.eu\/efusconference2021\/wp-json\/wp\/v2\/posts\/5809\/revisions\/5810"}],"wp:featuredmedia":[{"embeddable":true,"href":"https:\/\/efus.eu\/efusconference2021\/wp-json\/wp\/v2\/media\/5806"}],"wp:attachment":[{"href":"https:\/\/efus.eu\/efusconference2021\/wp-json\/wp\/v2\/media?parent=5809"}],"wp:term":[{"taxonomy":"category","embeddable":true,"href":"https:\/\/efus.eu\/efusconference2021\/wp-json\/wp\/v2\/categories?post=5809"},{"taxonomy":"post_tag","embeddable":true,"href":"https:\/\/efus.eu\/efusconference2021\/wp-json\/wp\/v2\/tags?post=5809"}],"curies":[{"name":"wp","href":"https:\/\/api.w.org\/{rel}","templated":true}]}}