{"id":5715,"date":"2021-10-11T21:50:49","date_gmt":"2021-10-11T21:50:49","guid":{"rendered":"https:\/\/efus.eu\/efusconference2021\/gotz-nordbruch\/"},"modified":"2021-10-11T21:53:18","modified_gmt":"2021-10-11T21:53:18","slug":"gotz-nordbruch","status":"publish","type":"post","link":"https:\/\/efus.eu\/efusconference2021\/gotz-nordbruch\/?lang=fr","title":{"rendered":"G\u00f6tz Nordbruch"},"content":{"rendered":"<div class=\"wpb-content-wrapper\">[vc_row][vc_column][vc_text_separator title=&#8221;G\u00f6tz Nordbruch&#8221;][\/vc_column][\/vc_row][vc_row][vc_column width=&#8221;1\/4&#8243;][vc_single_image image=&#8221;5712&#8243; img_size=&#8221;large&#8221;][\/vc_column][vc_column width=&#8221;3\/4&#8243;][vc_column_text]<strong>Cofondateur et Co-d\u00e9l\u00e9gu\u00e9 g\u00e9n\u00e9ral, Ufuq.de (Allemagne)<\/strong><\/p>\n<p><span style=\"font-weight: 400\">Dr. G\u00f6tz Nordbruch est un sp\u00e9cialiste en sciences sociales et le co-fondateur d\u2019ufuq.de, une ONG bas\u00e9e \u00e0 Berlin et sp\u00e9cialis\u00e9e dans l\u2019\u00e9ducation civique et les programmes de pr\u00e9vention. Nordbruch a \u00e9t\u00e9 chercheur adjoint \u00e0 l\u2019Institut de recherches et d\u2019\u00e9tudes sur le monde arabe et musulman d\u2019Aix-en-Provence et au Georg-Eckert-Institut \u2013 Leibniz-Institut \u2013 de recherche internationale sur les manuels \u00e0 Braunschweig. De 2008 \u00e0 2011, il a \u00e9t\u00e9 professeur adjoint au Centre d\u2019\u00e9tudes contemporaines du Moyen-Orient de l\u2019Universit\u00e9 du Danemark du Sud. Son travail sur concentre sur les cultures jeunes, le racisme et l\u2019islamisme ainsi que sur la pr\u00e9vention de la radicalisation et le travail avec la jeunesse. Jusqu\u2019\u00e0 mars 2020, Nordbruch \u00e9tait co-directeur du groupe de travail f\u00e9d\u00e9ral sur l\u2019extr\u00e9misme d\u2019origine religieuse, Bundesarbeitsgemeinschaft religi\u00f6s begr\u00fcndeter Extremismus.<\/span>[\/vc_column_text][\/vc_column][\/vc_row]\n<\/div>","protected":false},"excerpt":{"rendered":"<p>[vc_row][vc_column][vc_text_separator title=&#8221;G\u00f6tz Nordbruch&#8221;][\/vc_column][\/vc_row][vc_row][vc_column width=&#8221;1\/4&#8243;][vc_single_image image=&#8221;5712&#8243; img_size=&#8221;large&#8221;][\/vc_column][vc_column width=&#8221;3\/4&#8243;][vc_column_text]Cofondateur et Co-d\u00e9l\u00e9gu\u00e9 g\u00e9n\u00e9ral, Ufuq.de (Allemagne) Dr. G\u00f6tz Nordbruch est un sp\u00e9cialiste en sciences sociales et le co-fondateur d\u2019ufuq.de, une ONG bas\u00e9e \u00e0 Berlin et sp\u00e9cialis\u00e9e dans l\u2019\u00e9ducation civique et les programmes de pr\u00e9vention. Nordbruch a \u00e9t\u00e9 chercheur adjoint \u00e0 l\u2019Institut de recherches et d\u2019\u00e9tudes sur le monde arabe et musulman d\u2019Aix-en-Provence et au Georg-Eckert-Institut \u2013 Leibniz-Institut \u2013 de recherche internationale sur les manuels \u00e0 Braunschweig. De 2008 \u00e0 2011, il a \u00e9t\u00e9 professeur adjoint au Centre d\u2019\u00e9tudes contemporaines du Moyen-Orient de l\u2019Universit\u00e9 du Danemark du Sud. Son travail sur concentre sur les cultures jeunes, le racisme et l\u2019islamisme ainsi que sur la pr\u00e9vention de la radicalisation et le travail avec la jeunesse. Jusqu\u2019\u00e0 mars 2020, Nordbruch \u00e9tait co-directeur du groupe de travail f\u00e9d\u00e9ral sur l\u2019extr\u00e9misme d\u2019origine religieuse, Bundesarbeitsgemeinschaft religi\u00f6s begr\u00fcndeter Extremismus.[\/vc_column_text][\/vc_column][\/vc_row]<\/p>\n","protected":false},"author":88,"featured_media":5713,"comment_status":"closed","ping_status":"open","sticky":false,"template":"","format":"standard","meta":{"_acf_changed":false,"footnotes":""},"categories":[57],"tags":[],"class_list":["post-5715","post","type-post","status-publish","format-standard","has-post-thumbnail","hentry","category-intervenants_2021","entry","post-inner"],"acf":[],"_links":{"self":[{"href":"https:\/\/efus.eu\/efusconference2021\/wp-json\/wp\/v2\/posts\/5715","targetHints":{"allow":["GET"]}}],"collection":[{"href":"https:\/\/efus.eu\/efusconference2021\/wp-json\/wp\/v2\/posts"}],"about":[{"href":"https:\/\/efus.eu\/efusconference2021\/wp-json\/wp\/v2\/types\/post"}],"author":[{"embeddable":true,"href":"https:\/\/efus.eu\/efusconference2021\/wp-json\/wp\/v2\/users\/88"}],"replies":[{"embeddable":true,"href":"https:\/\/efus.eu\/efusconference2021\/wp-json\/wp\/v2\/comments?post=5715"}],"version-history":[{"count":1,"href":"https:\/\/efus.eu\/efusconference2021\/wp-json\/wp\/v2\/posts\/5715\/revisions"}],"predecessor-version":[{"id":5716,"href":"https:\/\/efus.eu\/efusconference2021\/wp-json\/wp\/v2\/posts\/5715\/revisions\/5716"}],"wp:featuredmedia":[{"embeddable":true,"href":"https:\/\/efus.eu\/efusconference2021\/wp-json\/wp\/v2\/media\/5713"}],"wp:attachment":[{"href":"https:\/\/efus.eu\/efusconference2021\/wp-json\/wp\/v2\/media?parent=5715"}],"wp:term":[{"taxonomy":"category","embeddable":true,"href":"https:\/\/efus.eu\/efusconference2021\/wp-json\/wp\/v2\/categories?post=5715"},{"taxonomy":"post_tag","embeddable":true,"href":"https:\/\/efus.eu\/efusconference2021\/wp-json\/wp\/v2\/tags?post=5715"}],"curies":[{"name":"wp","href":"https:\/\/api.w.org\/{rel}","templated":true}]}}