{"id":5652,"date":"2021-10-11T20:11:46","date_gmt":"2021-10-11T20:11:46","guid":{"rendered":"https:\/\/efus.eu\/efusconference2021\/jorg-rock\/"},"modified":"2021-10-11T20:15:42","modified_gmt":"2021-10-11T20:15:42","slug":"jorg-rock","status":"publish","type":"post","link":"https:\/\/efus.eu\/efusconference2021\/jorg-rock\/?lang=fr","title":{"rendered":"J\u00f6rg Rock"},"content":{"rendered":"<div class=\"wpb-content-wrapper\">[vc_row][vc_column][vc_text_separator title=&#8221;J\u00f6rg Rock&#8221;][\/vc_column][\/vc_row][vc_row][vc_column width=&#8221;1\/4&#8243;][vc_single_image image=&#8221;5649&#8243; img_size=&#8221;large&#8221;][\/vc_column][vc_column width=&#8221;3\/4&#8243;][vc_column_text]<strong>Chef de la police de surveillance, S\u00e9nat de l&#8217;Int\u00e9rieur et du Sport, Ville de Berlin (Allemagne)<\/strong><\/p>\n<p><span style=\"font-weight: 400\">Joerg Rock est responsable de la Police de Surveillance de la Ville de Berlin. Il est officier de police et chef de projet en s\u00fbret\u00e9 publique. Il a une longue exp\u00e9rience pratique, acad\u00e9mique et de commandement d\u2019op\u00e9rations de police, de lutte contre la criminalit\u00e9, de pr\u00e9vention de la criminalit\u00e9 et du terrorisme, ainsi qu\u2019en mati\u00e8re de protection des espaces publics. Il est sp\u00e9cialis\u00e9 en s\u00e9curit\u00e9 et ordre public en zone urbaine, en protection des espaces publics, en pr\u00e9vention du terrorisme, et en lutte contre le crime organis\u00e9.\u00a0<\/span><\/p>\n<p>&nbsp;<\/p>\n<p>&nbsp;<\/p>\n<p><i><span style=\"font-weight: 400\">Un souhait pour la s\u00e9curit\u00e9 urbaine ? (Quelle est votre vision de la s\u00e9curit\u00e9 urbaine dans 30 ans ? Quels espoirs et risques identifiez-vous ?)<\/span><\/i><\/p>\n<p>&nbsp;<\/p>\n<p><span style=\"font-weight: 400\">La s\u00e9curit\u00e9 urbaine est une question qui a de multiples dimensions et englobe une s\u00e9rie de th\u00e9matiques, depuis les questions de s\u00e9curit\u00e9 classiques telles que la pr\u00e9vention et la lutte contre la criminalit\u00e9, jusqu\u2019aux questions de s\u00e9curit\u00e9 sociale et m\u00eame de conception\u00a0 des espaces publics urbains. Nous devons avoir une vue holistique de cette th\u00e9matique complexe. Il est aussi essentiel que les acteurs coop\u00e8rent \u00e9troitement et aient confiance les uns dans les autres afin de mettre en \u0153uvre la s\u00e9curit\u00e9 urbaine. J\u2019esp\u00e8re que nous arriverons \u00e0 atteindre une s\u00e9curit\u00e9 urbaine globale sans enfreindre les libert\u00e9s.\u00a0<\/span><\/p>\n<p>&nbsp;<\/p>\n<p>&nbsp;<\/p>\n<p><i><span style=\"font-weight: 400\">Pourquoi est-il important d\u2019associer les citoyens \u00e0 la production des politiques ?<\/span><\/i><\/p>\n<p>&nbsp;<\/p>\n<p><span style=\"font-weight: 400\">Parce que c\u2019est leur ville. Les mesures de s\u00e9curit\u00e9 doivent susciter l\u2019adh\u00e9sion et le soutien des citoyens.<\/span>[\/vc_column_text][\/vc_column][\/vc_row]\n<\/div>","protected":false},"excerpt":{"rendered":"<p>[vc_row][vc_column][vc_text_separator title=&#8221;J\u00f6rg Rock&#8221;][\/vc_column][\/vc_row][vc_row][vc_column width=&#8221;1\/4&#8243;][vc_single_image image=&#8221;5649&#8243; img_size=&#8221;large&#8221;][\/vc_column][vc_column width=&#8221;3\/4&#8243;][vc_column_text]Chef de la police de surveillance, S\u00e9nat de l&#8217;Int\u00e9rieur et du Sport, Ville de Berlin (Allemagne) Joerg Rock est responsable de la Police de Surveillance de la Ville de Berlin. Il est officier de police et chef de projet en s\u00fbret\u00e9 publique. Il a une longue exp\u00e9rience pratique, acad\u00e9mique et de commandement d\u2019op\u00e9rations de police, de lutte contre la criminalit\u00e9, de pr\u00e9vention de la criminalit\u00e9 et du terrorisme, ainsi qu\u2019en mati\u00e8re de protection des espaces publics. Il est sp\u00e9cialis\u00e9 en s\u00e9curit\u00e9 et ordre public en zone urbaine, en protection des espaces publics, en pr\u00e9vention du terrorisme, et en lutte contre le crime organis\u00e9.\u00a0 &nbsp; &nbsp; Un souhait pour la s\u00e9curit\u00e9 urbaine ? (Quelle est votre vision de la s\u00e9curit\u00e9 urbaine dans 30 ans ? Quels espoirs et risques identifiez-vous ?) &nbsp; La s\u00e9curit\u00e9 urbaine est une question qui a de multiples dimensions et englobe une s\u00e9rie de th\u00e9matiques, depuis les questions de s\u00e9curit\u00e9 classiques telles que la pr\u00e9vention et la lutte contre la criminalit\u00e9, jusqu\u2019aux questions de s\u00e9curit\u00e9 sociale et m\u00eame de conception\u00a0 des espaces publics urbains. Nous devons avoir une vue holistique de cette th\u00e9matique complexe. Il est aussi essentiel que les acteurs coop\u00e8rent \u00e9troitement et aient confiance les uns dans les autres afin de mettre en \u0153uvre la s\u00e9curit\u00e9 urbaine. J\u2019esp\u00e8re que nous arriverons \u00e0 atteindre une s\u00e9curit\u00e9 urbaine globale sans enfreindre les libert\u00e9s.\u00a0 &nbsp; &nbsp; Pourquoi est-il important d\u2019associer les citoyens \u00e0 la production des politiques ? &nbsp; Parce que c\u2019est leur ville. Les mesures de s\u00e9curit\u00e9 doivent susciter l\u2019adh\u00e9sion et le soutien des citoyens.[\/vc_column_text][\/vc_column][\/vc_row]<\/p>\n","protected":false},"author":88,"featured_media":5650,"comment_status":"closed","ping_status":"open","sticky":false,"template":"","format":"standard","meta":{"_acf_changed":false,"footnotes":""},"categories":[57],"tags":[],"class_list":["post-5652","post","type-post","status-publish","format-standard","has-post-thumbnail","hentry","category-intervenants_2021","entry","post-inner"],"acf":[],"_links":{"self":[{"href":"https:\/\/efus.eu\/efusconference2021\/wp-json\/wp\/v2\/posts\/5652","targetHints":{"allow":["GET"]}}],"collection":[{"href":"https:\/\/efus.eu\/efusconference2021\/wp-json\/wp\/v2\/posts"}],"about":[{"href":"https:\/\/efus.eu\/efusconference2021\/wp-json\/wp\/v2\/types\/post"}],"author":[{"embeddable":true,"href":"https:\/\/efus.eu\/efusconference2021\/wp-json\/wp\/v2\/users\/88"}],"replies":[{"embeddable":true,"href":"https:\/\/efus.eu\/efusconference2021\/wp-json\/wp\/v2\/comments?post=5652"}],"version-history":[{"count":2,"href":"https:\/\/efus.eu\/efusconference2021\/wp-json\/wp\/v2\/posts\/5652\/revisions"}],"predecessor-version":[{"id":5654,"href":"https:\/\/efus.eu\/efusconference2021\/wp-json\/wp\/v2\/posts\/5652\/revisions\/5654"}],"wp:featuredmedia":[{"embeddable":true,"href":"https:\/\/efus.eu\/efusconference2021\/wp-json\/wp\/v2\/media\/5650"}],"wp:attachment":[{"href":"https:\/\/efus.eu\/efusconference2021\/wp-json\/wp\/v2\/media?parent=5652"}],"wp:term":[{"taxonomy":"category","embeddable":true,"href":"https:\/\/efus.eu\/efusconference2021\/wp-json\/wp\/v2\/categories?post=5652"},{"taxonomy":"post_tag","embeddable":true,"href":"https:\/\/efus.eu\/efusconference2021\/wp-json\/wp\/v2\/tags?post=5652"}],"curies":[{"name":"wp","href":"https:\/\/api.w.org\/{rel}","templated":true}]}}