{"id":5319,"date":"2021-09-24T21:01:41","date_gmt":"2021-09-24T21:01:41","guid":{"rendered":"https:\/\/efus.eu\/efusconference2021\/?p=5319"},"modified":"2021-09-30T09:49:47","modified_gmt":"2021-09-30T09:49:47","slug":"patrick-charlier","status":"publish","type":"post","link":"https:\/\/efus.eu\/efusconference2021\/patrick-charlier\/?lang=fr","title":{"rendered":"Patrick Charlier"},"content":{"rendered":"<div class=\"wpb-content-wrapper\">[vc_row][vc_column][vc_text_separator title=&#8221;Patrick Charlier&#8221;][\/vc_column][\/vc_row][vc_row][vc_column width=&#8221;1\/4&#8243;][vc_single_image image=&#8221;5304&#8243; img_size=&#8221;large&#8221;][\/vc_column][vc_column width=&#8221;3\/4&#8243;][vc_column_text]<strong>Directeur, Centre Interf\u00e9d\u00e9ral pour\u00a0 l&#8217;\u00c9galit\u00e9 des Chances (UNIA), Bruxelles (Belgique)<\/strong><\/p>\n<p><b>Patrick Charlier <\/b><span style=\"font-weight: 400\">est juriste de formation (UCL). Il a travaill\u00e9 \u00e0 la <\/span><a href=\"http:\/\/www.liguedh.be\/\"><span style=\"font-weight: 400\">Ligue des droits humains<\/span><\/a><span style=\"font-weight: 400\">, d\u2019abord comme conseiller juridique (1992 \u00e0 1996), ensuite comme directeur (1996 \u00e0 2001). Depuis son arriv\u00e9e \u00e0 Unia en 2001, il a assur\u00e9 diff\u00e9rentes fonctions, au sein du service racisme, \u00e0 l\u2019Observatoire des migrations avant de devenir coordinateur du d\u00e9partement Discrimination et enfin directeur.<\/span><\/p>\n<p><span style=\"font-weight: 400\">Il est \u00e9galement membre du conseil d\u2019administration d\u2019<\/span><a href=\"http:\/\/equineteurope.org\/\"><span style=\"font-weight: 400\">Equinet<\/span><\/a><span style=\"font-weight: 400\"> (r\u00e9seau europ\u00e9en des organes de promotion de l\u2019\u00e9galit\u00e9) et membre suppl\u00e9ant du <\/span><a href=\"https:\/\/www.ccsp-ctrg.be\/fr\"><span style=\"font-weight: 400\">Conseil central de surveillance p\u00e9nitentiaire<\/span><\/a><span style=\"font-weight: 400\">.<\/span>[\/vc_column_text][\/vc_column][\/vc_row]\n<\/div>","protected":false},"excerpt":{"rendered":"<p>[vc_row][vc_column][vc_text_separator title=&#8221;Patrick Charlier&#8221;][\/vc_column][\/vc_row][vc_row][vc_column width=&#8221;1\/4&#8243;][vc_single_image image=&#8221;5304&#8243; img_size=&#8221;large&#8221;][\/vc_column][vc_column width=&#8221;3\/4&#8243;][vc_column_text]Directeur, Centre Interf\u00e9d\u00e9ral pour\u00a0 l&#8217;\u00c9galit\u00e9 des Chances (UNIA), Bruxelles (Belgique) Patrick Charlier est juriste de formation (UCL). Il a travaill\u00e9 \u00e0 la Ligue des droits humains, d\u2019abord comme conseiller juridique (1992 \u00e0 1996), ensuite comme directeur (1996 \u00e0 2001). Depuis son arriv\u00e9e \u00e0 Unia en 2001, il a assur\u00e9 diff\u00e9rentes fonctions, au sein du service racisme, \u00e0 l\u2019Observatoire des migrations avant de devenir coordinateur du d\u00e9partement Discrimination et enfin directeur. Il est \u00e9galement membre du conseil d\u2019administration d\u2019Equinet (r\u00e9seau europ\u00e9en des organes de promotion de l\u2019\u00e9galit\u00e9) et membre suppl\u00e9ant du Conseil central de surveillance p\u00e9nitentiaire.[\/vc_column_text][\/vc_column][\/vc_row]<\/p>\n","protected":false},"author":88,"featured_media":5305,"comment_status":"closed","ping_status":"open","sticky":false,"template":"","format":"standard","meta":{"_acf_changed":false,"footnotes":""},"categories":[57],"tags":[],"class_list":["post-5319","post","type-post","status-publish","format-standard","has-post-thumbnail","hentry","category-intervenants_2021","entry","post-inner"],"acf":[],"_links":{"self":[{"href":"https:\/\/efus.eu\/efusconference2021\/wp-json\/wp\/v2\/posts\/5319","targetHints":{"allow":["GET"]}}],"collection":[{"href":"https:\/\/efus.eu\/efusconference2021\/wp-json\/wp\/v2\/posts"}],"about":[{"href":"https:\/\/efus.eu\/efusconference2021\/wp-json\/wp\/v2\/types\/post"}],"author":[{"embeddable":true,"href":"https:\/\/efus.eu\/efusconference2021\/wp-json\/wp\/v2\/users\/88"}],"replies":[{"embeddable":true,"href":"https:\/\/efus.eu\/efusconference2021\/wp-json\/wp\/v2\/comments?post=5319"}],"version-history":[{"count":4,"href":"https:\/\/efus.eu\/efusconference2021\/wp-json\/wp\/v2\/posts\/5319\/revisions"}],"predecessor-version":[{"id":5441,"href":"https:\/\/efus.eu\/efusconference2021\/wp-json\/wp\/v2\/posts\/5319\/revisions\/5441"}],"wp:featuredmedia":[{"embeddable":true,"href":"https:\/\/efus.eu\/efusconference2021\/wp-json\/wp\/v2\/media\/5305"}],"wp:attachment":[{"href":"https:\/\/efus.eu\/efusconference2021\/wp-json\/wp\/v2\/media?parent=5319"}],"wp:term":[{"taxonomy":"category","embeddable":true,"href":"https:\/\/efus.eu\/efusconference2021\/wp-json\/wp\/v2\/categories?post=5319"},{"taxonomy":"post_tag","embeddable":true,"href":"https:\/\/efus.eu\/efusconference2021\/wp-json\/wp\/v2\/tags?post=5319"}],"curies":[{"name":"wp","href":"https:\/\/api.w.org\/{rel}","templated":true}]}}