{"id":5233,"date":"2021-09-21T10:21:21","date_gmt":"2021-09-21T10:21:21","guid":{"rendered":"https:\/\/efus.eu\/efusconference2021\/?p=5233"},"modified":"2021-10-29T14:28:04","modified_gmt":"2021-10-29T14:28:04","slug":"roger-vicot","status":"publish","type":"post","link":"https:\/\/efus.eu\/efusconference2021\/roger-vicot\/?lang=fr","title":{"rendered":"Roger Vicot"},"content":{"rendered":"<div class=\"wpb-content-wrapper\">[vc_row][vc_column][vc_text_separator title=&#8221;Roger Vicot&#8221;][\/vc_column][\/vc_row][vc_row][vc_column][vc_column_text]<strong>Maire de Lomme (France), Vice-pr\u00e9sident de la M\u00e9tropole Europ\u00e9enne de Lille, Conseiller D\u00e9partemental du Nord, Pr\u00e9sident du Forum fran\u00e7ais pour la s\u00e9curit\u00e9 urbaine (FFSU)<\/strong><\/p>\n<p><span style=\"font-weight: 400\">La Pr\u00e9sidence est assur\u00e9e par la Ville de Lomme, repr\u00e9sent\u00e9e par son maire Roger Vicot, depuis juin 2014. Son mandat a \u00e9t\u00e9 renouvel\u00e9 chaque ann\u00e9e suite \u00e0 l\u2019Assembl\u00e9e g\u00e9n\u00e9rale.<\/span><\/p>\n<p><span style=\"font-weight: 400\">Roger Vicot a \u00e9t\u00e9 maire adjoint charg\u00e9 de la s\u00e9curit\u00e9 et de la pr\u00e9vention de la d\u00e9linquance \u00e0 Lille de 2001 \u00e0 2012 et \u00e0 ce titre membre du Comit\u00e9 ex\u00e9cutif du FFSU puis maire de Lomme, conseiller d\u00e9partemental et Vice-pr\u00e9sident de la M\u00e9tropole Europ\u00e9enne de Lille (depuis 2020).<\/span><\/p>\n<p><span style=\"font-weight: 400\">Reconnu pour son expertise sur la s\u00e9curit\u00e9, il est notamment membre de l\u2019Observatoire national de la Politique de la Ville et du Conseil National des Villes, au titre des personnalit\u00e9s qualifi\u00e9es.<\/span><\/p>\n<p><span style=\"font-weight: 400\">Dipl\u00f4m\u00e9 de l\u2019\u00c9cole sup\u00e9rieure de journalisme de Paris, il a travaill\u00e9 dans les domaines du journalisme et de la communication politique. Il est l\u2019auteur de plusieurs ouvrages consacr\u00e9s \u00e0 la s\u00e9curit\u00e9 dont <\/span><i><span style=\"font-weight: 400\">S\u00e9curit\u00e9 : vraies questions et faux d\u00e9bats<\/span><\/i><span style=\"font-weight: 400\">,\u00a0 publi\u00e9 en 2013 aux \u00e9ditions L\u2019Harmattan, et <\/span><i><span style=\"font-weight: 400\">Une s\u00e9curit\u00e9 r\u00e9publicaine contre la r\u00e9publique s\u00e9curitaire<\/span><\/i><span style=\"font-weight: 400\"> (L\u2019Harmattan, 2008).\u00a0<\/span>[\/vc_column_text][\/vc_column][\/vc_row]\n<\/div>","protected":false},"excerpt":{"rendered":"<p>[vc_row][vc_column][vc_text_separator title=&#8221;Roger Vicot&#8221;][\/vc_column][\/vc_row][vc_row][vc_column][vc_column_text]Maire de Lomme (France), Vice-pr\u00e9sident de la M\u00e9tropole Europ\u00e9enne de Lille, Conseiller D\u00e9partemental du Nord, Pr\u00e9sident du Forum fran\u00e7ais pour la s\u00e9curit\u00e9 urbaine (FFSU) La Pr\u00e9sidence est assur\u00e9e par la Ville de Lomme, repr\u00e9sent\u00e9e par son maire Roger Vicot, depuis juin 2014. Son mandat a \u00e9t\u00e9 renouvel\u00e9 chaque ann\u00e9e suite \u00e0 l\u2019Assembl\u00e9e g\u00e9n\u00e9rale. Roger Vicot a \u00e9t\u00e9 maire adjoint charg\u00e9 de la s\u00e9curit\u00e9 et de la pr\u00e9vention de la d\u00e9linquance \u00e0 Lille de 2001 \u00e0 2012 et \u00e0 ce titre membre du Comit\u00e9 ex\u00e9cutif du FFSU puis maire de Lomme, conseiller d\u00e9partemental et Vice-pr\u00e9sident de la M\u00e9tropole Europ\u00e9enne de Lille (depuis 2020). Reconnu pour son expertise sur la s\u00e9curit\u00e9, il est notamment membre de l\u2019Observatoire national de la Politique de la Ville et du Conseil National des Villes, au titre des personnalit\u00e9s qualifi\u00e9es. Dipl\u00f4m\u00e9 de l\u2019\u00c9cole sup\u00e9rieure de journalisme de Paris, il a travaill\u00e9 dans les domaines du journalisme et de la communication politique. Il est l\u2019auteur de plusieurs ouvrages consacr\u00e9s \u00e0 la s\u00e9curit\u00e9 dont S\u00e9curit\u00e9 : vraies questions et faux d\u00e9bats,\u00a0 publi\u00e9 en 2013 aux \u00e9ditions L\u2019Harmattan, et Une s\u00e9curit\u00e9 r\u00e9publicaine contre la r\u00e9publique s\u00e9curitaire (L\u2019Harmattan, 2008).\u00a0[\/vc_column_text][\/vc_column][\/vc_row]<\/p>\n","protected":false},"author":1,"featured_media":0,"comment_status":"closed","ping_status":"open","sticky":false,"template":"","format":"standard","meta":{"_acf_changed":false,"footnotes":""},"categories":[57],"tags":[],"class_list":["post-5233","post","type-post","status-publish","format-standard","hentry","category-intervenants_2021","entry","post-inner"],"acf":[],"_links":{"self":[{"href":"https:\/\/efus.eu\/efusconference2021\/wp-json\/wp\/v2\/posts\/5233","targetHints":{"allow":["GET"]}}],"collection":[{"href":"https:\/\/efus.eu\/efusconference2021\/wp-json\/wp\/v2\/posts"}],"about":[{"href":"https:\/\/efus.eu\/efusconference2021\/wp-json\/wp\/v2\/types\/post"}],"author":[{"embeddable":true,"href":"https:\/\/efus.eu\/efusconference2021\/wp-json\/wp\/v2\/users\/1"}],"replies":[{"embeddable":true,"href":"https:\/\/efus.eu\/efusconference2021\/wp-json\/wp\/v2\/comments?post=5233"}],"version-history":[{"count":6,"href":"https:\/\/efus.eu\/efusconference2021\/wp-json\/wp\/v2\/posts\/5233\/revisions"}],"predecessor-version":[{"id":6178,"href":"https:\/\/efus.eu\/efusconference2021\/wp-json\/wp\/v2\/posts\/5233\/revisions\/6178"}],"wp:attachment":[{"href":"https:\/\/efus.eu\/efusconference2021\/wp-json\/wp\/v2\/media?parent=5233"}],"wp:term":[{"taxonomy":"category","embeddable":true,"href":"https:\/\/efus.eu\/efusconference2021\/wp-json\/wp\/v2\/categories?post=5233"},{"taxonomy":"post_tag","embeddable":true,"href":"https:\/\/efus.eu\/efusconference2021\/wp-json\/wp\/v2\/tags?post=5233"}],"curies":[{"name":"wp","href":"https:\/\/api.w.org\/{rel}","templated":true}]}}