{"id":5231,"date":"2021-09-21T09:59:43","date_gmt":"2021-09-21T09:59:43","guid":{"rendered":"https:\/\/efus.eu\/efusconference2021\/dr-oskar-josef-gstrein\/"},"modified":"2021-09-30T09:54:01","modified_gmt":"2021-09-30T09:54:01","slug":"dr-oskar-josef-gstrein","status":"publish","type":"post","link":"https:\/\/efus.eu\/efusconference2021\/dr-oskar-josef-gstrein\/?lang=fr","title":{"rendered":"Dr Oskar Josef Gstrein"},"content":{"rendered":"<div class=\"wpb-content-wrapper\">[vc_row][vc_column][vc_text_separator title=&#8221;Dr Oskar Josef Gstrein&#8221;][\/vc_column][\/vc_row][vc_row][vc_column width=&#8221;1\/4&#8243;][vc_single_image image=&#8221;5228&#8243; img_size=&#8221;large&#8221;][\/vc_column][vc_column width=&#8221;3\/4&#8243;][vc_column_text]<strong>Chercheur et Professeur adjoint, Universit\u00e9 de Groningen (Pays-Bas)<\/strong><\/p>\n<p><span style=\"font-weight: 400\">D\u00e9tenteur d\u2019un Master (MA) et d\u2019un Master of Laws (LLM), Dr Oskar Josef Gstrein est Assistant Professeur \u00e0 l\u2019Universit\u00e9 de Groningen-Campus Frysl\u00e2n, o\u00f9 il est aussi membre du Centre de recherche sur les donn\u00e9es (Data Research Centre), un \u00e9tablissement pluridisciplinaire. Son th\u00e8me g\u00e9n\u00e9ral de recherche est \u00ab\u00a0la dignit\u00e9 humaine dans l\u2019\u00e8re digitale\u00a0\u00bb qu\u2019il aborde selon une double perspective l\u00e9gale et philosophique. Ses publications portent sur les th\u00e8mes de la gouvernance de l\u2019internet, la gouvernance des technologies \u00e9mergentes, le respect de la vie priv\u00e9e, la surveillance, la (cyber) s\u00e9curit\u00e9 et l\u2019identit\u00e9 digitale. Oskar est associ\u00e9 en recherche \u00e0 l\u2019Institut de Politique Publique d\u2019Isra\u00ebl et chercheur associ\u00e9 \u00e0 l\u2019Institut pour la Technologie et la Soci\u00e9t\u00e9 de Rio de Janeiro. Il est \u00e9galement charg\u00e9 de cours \u00e0 l\u2019Institut Europa de l\u2019Universit\u00e9 de Saarland en Allemagne.\u00a0<\/span>[\/vc_column_text][\/vc_column][\/vc_row]\n<\/div>","protected":false},"excerpt":{"rendered":"<p>[vc_row][vc_column][vc_text_separator title=&#8221;Dr Oskar Josef Gstrein&#8221;][\/vc_column][\/vc_row][vc_row][vc_column width=&#8221;1\/4&#8243;][vc_single_image image=&#8221;5228&#8243; img_size=&#8221;large&#8221;][\/vc_column][vc_column width=&#8221;3\/4&#8243;][vc_column_text]Chercheur et Professeur adjoint, Universit\u00e9 de Groningen (Pays-Bas) D\u00e9tenteur d\u2019un Master (MA) et d\u2019un Master of Laws (LLM), Dr Oskar Josef Gstrein est Assistant Professeur \u00e0 l\u2019Universit\u00e9 de Groningen-Campus Frysl\u00e2n, o\u00f9 il est aussi membre du Centre de recherche sur les donn\u00e9es (Data Research Centre), un \u00e9tablissement pluridisciplinaire. Son th\u00e8me g\u00e9n\u00e9ral de recherche est \u00ab\u00a0la dignit\u00e9 humaine dans l\u2019\u00e8re digitale\u00a0\u00bb qu\u2019il aborde selon une double perspective l\u00e9gale et philosophique. Ses publications portent sur les th\u00e8mes de la gouvernance de l\u2019internet, la gouvernance des technologies \u00e9mergentes, le respect de la vie priv\u00e9e, la surveillance, la (cyber) s\u00e9curit\u00e9 et l\u2019identit\u00e9 digitale. Oskar est associ\u00e9 en recherche \u00e0 l\u2019Institut de Politique Publique d\u2019Isra\u00ebl et chercheur associ\u00e9 \u00e0 l\u2019Institut pour la Technologie et la Soci\u00e9t\u00e9 de Rio de Janeiro. Il est \u00e9galement charg\u00e9 de cours \u00e0 l\u2019Institut Europa de l\u2019Universit\u00e9 de Saarland en Allemagne.\u00a0[\/vc_column_text][\/vc_column][\/vc_row]<\/p>\n","protected":false},"author":1,"featured_media":5229,"comment_status":"closed","ping_status":"open","sticky":false,"template":"","format":"standard","meta":{"_acf_changed":false,"footnotes":""},"categories":[57],"tags":[],"class_list":["post-5231","post","type-post","status-publish","format-standard","has-post-thumbnail","hentry","category-intervenants_2021","entry","post-inner"],"acf":[],"_links":{"self":[{"href":"https:\/\/efus.eu\/efusconference2021\/wp-json\/wp\/v2\/posts\/5231","targetHints":{"allow":["GET"]}}],"collection":[{"href":"https:\/\/efus.eu\/efusconference2021\/wp-json\/wp\/v2\/posts"}],"about":[{"href":"https:\/\/efus.eu\/efusconference2021\/wp-json\/wp\/v2\/types\/post"}],"author":[{"embeddable":true,"href":"https:\/\/efus.eu\/efusconference2021\/wp-json\/wp\/v2\/users\/1"}],"replies":[{"embeddable":true,"href":"https:\/\/efus.eu\/efusconference2021\/wp-json\/wp\/v2\/comments?post=5231"}],"version-history":[{"count":3,"href":"https:\/\/efus.eu\/efusconference2021\/wp-json\/wp\/v2\/posts\/5231\/revisions"}],"predecessor-version":[{"id":5449,"href":"https:\/\/efus.eu\/efusconference2021\/wp-json\/wp\/v2\/posts\/5231\/revisions\/5449"}],"wp:featuredmedia":[{"embeddable":true,"href":"https:\/\/efus.eu\/efusconference2021\/wp-json\/wp\/v2\/media\/5229"}],"wp:attachment":[{"href":"https:\/\/efus.eu\/efusconference2021\/wp-json\/wp\/v2\/media?parent=5231"}],"wp:term":[{"taxonomy":"category","embeddable":true,"href":"https:\/\/efus.eu\/efusconference2021\/wp-json\/wp\/v2\/categories?post=5231"},{"taxonomy":"post_tag","embeddable":true,"href":"https:\/\/efus.eu\/efusconference2021\/wp-json\/wp\/v2\/tags?post=5231"}],"curies":[{"name":"wp","href":"https:\/\/api.w.org\/{rel}","templated":true}]}}